{"id":8678,"date":"2019-12-18T09:54:37","date_gmt":"2019-12-18T09:54:37","guid":{"rendered":"https:\/\/chateau-marcel.com\/pic-de-nore\/"},"modified":"2019-12-27T10:16:48","modified_gmt":"2019-12-27T10:16:48","slug":"pic-de-nore","status":"publish","type":"post","link":"https:\/\/chateau-marcel.com\/fr\/pic-de-nore\/","title":{"rendered":"Pic de Nore"},"content":{"rendered":"\n<p>La <strong>photo de Nore<\/strong> (Occitan: <em>N\u00e2ra<\/em>) \u00e0 1211 m\u00e8tres est le point culminant de la Montagne Noire<\/p>\n\n\n\n<!--more-->\n\n\n\n<p>Le Pic de Nore est situ\u00e9 \u00e0 la fronti\u00e8re des d\u00e9partements de l&rsquo;Aude et du Tarn, \u00e0 proximit\u00e9 du Parc naturel r\u00e9gional du Haut-Languedoc dans le sud de la France. Les rivi\u00e8res Arnette et Clamoux ont toutes deux leurs sources sur les pentes.<\/p>\n\n\n\n<p> Les rivi\u00e8res Arnette et Clamoux ont leur source sur ses pentes. <\/p>\n\n\n\n<p>C&rsquo;est souvent le th\u00e9\u00e2tre depuis 2002 de l&rsquo;arriv\u00e9e du cyclosportif \u00ab\u00a0La Jalabert\u00a0\u00bb et de deux ascensions chronom\u00e9tr\u00e9es depuis Mazamet et Villegly (neutralis\u00e9es jusqu&rsquo;\u00e0 Cabrespine). Le cyclosportif La Laurent Jalabert l&#8217;emprunte sur sa pente sud pour la derni\u00e8re \u00e9tape.<\/p>\n\n\n\n<div class=\"wp-block-getwid-images-slider has-arrows-inside has-dots-inside has-images-center\"><div class=\"wp-block-getwid-images-slider__wrapper\" data-effect=\"slide\" data-slides-show=\"1\" data-slides-show-laptop=\"1\" data-slides-show-tablet=\"1\" data-slides-show-mobile=\"1\" data-slides-scroll=\"1\" data-autoplay=\"false\" data-autoplay-speed=\"6000\" data-infinite=\"true\" data-animation-speed=\"800\" data-center-mode=\"false\" data-variable-width=\"false\" data-arrows=\"inside\" data-dots=\"inside\" data-spacing=\"none\"><div class=\"wp-block-getwid-images-slider__item\"><img decoding=\"async\" width=\"1280\" height=\"720\" src=\"http:\/\/chateau-marcel.com\/wp-content\/uploads\/Pic-de-Nore-02-web.jpg\" alt=\"\" data-id=\"2400\" data-link=\"http:\/\/chateau-marcel.com\/?attachment_id=2400\" class=\"wp-block-getwid-images-slider__image wp-image-2400\" srcset=\"https:\/\/chateau-marcel.com\/wp-content\/uploads\/Pic-de-Nore-02-web.jpg 1280w, https:\/\/chateau-marcel.com\/wp-content\/uploads\/Pic-de-Nore-02-web-300x169.jpg 300w, https:\/\/chateau-marcel.com\/wp-content\/uploads\/Pic-de-Nore-02-web-1024x576.jpg 1024w, https:\/\/chateau-marcel.com\/wp-content\/uploads\/Pic-de-Nore-02-web-768x432.jpg 768w, https:\/\/chateau-marcel.com\/wp-content\/uploads\/Pic-de-Nore-02-web-1170x658.jpg 1170w\" sizes=\"(max-width: 1280px) 100vw, 1280px\" \/><\/div><div class=\"wp-block-getwid-images-slider__item\"><img decoding=\"async\" width=\"1280\" height=\"960\" src=\"http:\/\/chateau-marcel.com\/wp-content\/uploads\/Pic-de-Nore-01-web.jpg\" alt=\"\" data-id=\"2399\" data-link=\"http:\/\/chateau-marcel.com\/?attachment_id=2399\" class=\"wp-block-getwid-images-slider__image wp-image-2399\" srcset=\"https:\/\/chateau-marcel.com\/wp-content\/uploads\/Pic-de-Nore-01-web.jpg 1280w, https:\/\/chateau-marcel.com\/wp-content\/uploads\/Pic-de-Nore-01-web-300x225.jpg 300w, https:\/\/chateau-marcel.com\/wp-content\/uploads\/Pic-de-Nore-01-web-1024x768.jpg 1024w, https:\/\/chateau-marcel.com\/wp-content\/uploads\/Pic-de-Nore-01-web-768x576.jpg 768w, https:\/\/chateau-marcel.com\/wp-content\/uploads\/Pic-de-Nore-01-web-1170x878.jpg 1170w\" sizes=\"(max-width: 1280px) 100vw, 1280px\" \/><\/div><div class=\"wp-block-getwid-images-slider__item\"><img decoding=\"async\" width=\"1280\" height=\"854\" src=\"http:\/\/chateau-marcel.com\/wp-content\/uploads\/Pic-de-Nore-03-web.jpg\" alt=\"\" data-id=\"2401\" data-link=\"http:\/\/chateau-marcel.com\/?attachment_id=2401\" class=\"wp-block-getwid-images-slider__image wp-image-2401\" srcset=\"https:\/\/chateau-marcel.com\/wp-content\/uploads\/Pic-de-Nore-03-web.jpg 1280w, https:\/\/chateau-marcel.com\/wp-content\/uploads\/Pic-de-Nore-03-web-300x200.jpg 300w, https:\/\/chateau-marcel.com\/wp-content\/uploads\/Pic-de-Nore-03-web-1024x683.jpg 1024w, https:\/\/chateau-marcel.com\/wp-content\/uploads\/Pic-de-Nore-03-web-768x512.jpg 768w, https:\/\/chateau-marcel.com\/wp-content\/uploads\/Pic-de-Nore-03-web-1170x781.jpg 1170w\" sizes=\"(max-width: 1280px) 100vw, 1280px\" \/><\/div><div class=\"wp-block-getwid-images-slider__item\"><img decoding=\"async\" width=\"1024\" height=\"576\" src=\"http:\/\/chateau-marcel.com\/wp-content\/uploads\/Pic-de-Nore-04-web.jpg\" alt=\"\" data-id=\"2402\" data-link=\"http:\/\/chateau-marcel.com\/?attachment_id=2402\" class=\"wp-block-getwid-images-slider__image wp-image-2402\" srcset=\"https:\/\/chateau-marcel.com\/wp-content\/uploads\/Pic-de-Nore-04-web.jpg 1024w, https:\/\/chateau-marcel.com\/wp-content\/uploads\/Pic-de-Nore-04-web-300x169.jpg 300w, https:\/\/chateau-marcel.com\/wp-content\/uploads\/Pic-de-Nore-04-web-768x432.jpg 768w\" sizes=\"(max-width: 1024px) 100vw, 1024px\" \/><\/div><div class=\"wp-block-getwid-images-slider__item\"><img decoding=\"async\" width=\"1280\" height=\"854\" src=\"http:\/\/chateau-marcel.com\/wp-content\/uploads\/Pic-de-Nore-05-web.jpg\" alt=\"\" data-id=\"2403\" data-link=\"http:\/\/chateau-marcel.com\/?attachment_id=2403\" class=\"wp-block-getwid-images-slider__image wp-image-2403\" srcset=\"https:\/\/chateau-marcel.com\/wp-content\/uploads\/Pic-de-Nore-05-web.jpg 1280w, https:\/\/chateau-marcel.com\/wp-content\/uploads\/Pic-de-Nore-05-web-300x200.jpg 300w, https:\/\/chateau-marcel.com\/wp-content\/uploads\/Pic-de-Nore-05-web-1024x683.jpg 1024w, https:\/\/chateau-marcel.com\/wp-content\/uploads\/Pic-de-Nore-05-web-768x512.jpg 768w, https:\/\/chateau-marcel.com\/wp-content\/uploads\/Pic-de-Nore-05-web-1170x781.jpg 1170w\" sizes=\"(max-width: 1280px) 100vw, 1280px\" \/><\/div><\/div><\/div>\n\n\n\n<h4 class=\"wp-block-heading\">Pour les cyclistes amateurs :<\/h4>\n\n\n\n<p>Sur le versant sud, la mont\u00e9e de Villeneuve-Minervois est longue de 23,8 km \u00e0 une moyenne de 4,25 sur la place de la Grande Fontaine (198 m) au bout de la promenade des Foss\u00e9s, o\u00f9 nous p\u00e9n\u00e9trons sur la Route D112. L&rsquo;ascension commence par pr\u00e8s de 6,5 km de faux plat jusqu&rsquo;\u00e0 Cabrespine (302 m) o\u00f9 les pourcentages deviennent plus importants. Au carrefour (821 m) De Pradelles-Cabard\u00e8s, nous quittons la D112 pour la D87 avec 6 km \u00e0 6,5 pour finir. Le record de la mont\u00e9e appartient \u00e0 Michel Ambrosini en 40 min 52 s (25,69 km\/h) au d\u00e9part de Cabrespine. <\/p>\n\n\n\n<p>La mont\u00e9e de Mazamet via Le Triby est longue de 17 km \u00e0 5,5 en pente moyenne sur profil irr\u00e9gulier. Il commence \u00e0 la jonction (268 m) entre la D118 et la D54 \u00e0 Mazamet 4,6 km \u00e0 3,3 sur une route marqu\u00e9e par de vieilles usines d\u00e9ainage, \u00e0 une petite intersection (420 m) \u00e0 la localit\u00e9 rieussoule. Cependant, pour les cyclistes descendant de Pradelles-Cabard\u00e8s sur la route D54, la mont\u00e9e est r\u00e9duite \u00e0 12,4 km \u00e0 6,3, \u00e0 partir de cette jonction juste avant d&rsquo;atteindre Hautpoul, o\u00f9 nous quittons la route D54 pour suivre la route D87 en direction du hameau des Y\u00e8z. L&rsquo;escalade se fait maintenant dans la for\u00eat si souvent \u00e0 l&rsquo;ombre, mais avec un rev\u00eatement parfois m\u00e9diocre. Les pourcentages oscillent fr\u00e9quemment entre 8 et 8 jusqu&rsquo;au hameau de Les Y\u00e8s (722 m, 8,7 km) o\u00f9 la pente diminue. Mais le r\u00e9pit est de courte dur\u00e9e puisque le kilom\u00e8tre pr\u00e9c\u00e9dant le refuge de Triby (955 m7, km 11,7) est proche de la moyenne de 10. Les deux prochains kilom\u00e8tres approchent les 6,5 avant que les derniers kilom\u00e8tres ne deviennent de plus en plus roulants, mais avec un dernier kilom\u00e8tre expos\u00e9 au vent depuis que nous avons quitt\u00e9 la for\u00eat de Triby. <\/p>\n\n\n\n<p>La mont\u00e9e de Mazamet via Pradelles-Cabard\u00e8s repr\u00e9sente 24,2 km \u00e0 3,9 en moyenne. Les 6 derniers kilom\u00e8tres de l&rsquo;ascension sont communs avec la pente ascendante de Cabrespine. Le record de la mont\u00e9e appartient \u00e0 Guillaume De Almeida en 52 min 23 s (28,64 km\/h). <\/p>\n\n\n\n<p>La mont\u00e9e sur le c\u00f4t\u00e9 de la plus courte Mas-Cabard\u00e8s est de 15,1 km de long \u00e0 une moyenne de 6,05, \u00e0 partir de la jonction (295 m) entre les routes D9 et D101; il pr\u00e9sente des passages tr\u00e8s difficiles sup\u00e9rieurs \u00e0 13. Il se termine par le m\u00eame tron\u00e7on commun avec la pente de Cabrespine puisqu&rsquo;il passe par Pradelles-Cabard\u00e8s.<\/p>\n\n\n\n<figure class=\"wp-block-embed-youtube wp-block-embed is-type-video is-provider-youtube wp-embed-aspect-16-9 wp-has-aspect-ratio\"><div class=\"wp-block-embed__wrapper\">\n<iframe title=\"Panorama du Pic de Nore\" width=\"770\" height=\"433\" src=\"https:\/\/www.youtube.com\/embed\/Q0yiTA7AbnM?feature=oembed\" frameborder=\"0\" allow=\"accelerometer; autoplay; encrypted-media; gyroscope; picture-in-picture\" allowfullscreen><\/iframe>\n<\/div><\/figure>\n","protected":false},"excerpt":{"rendered":"La photo de Nore (Occitan: N\u00e2ra) \u00e0 1211 m\u00e8tres est le point culminant de la Montagne Noire","protected":false},"author":1,"featured_media":8684,"comment_status":"open","ping_status":"closed","sticky":false,"template":"","format":"standard","meta":{"inline_featured_image":false,"footnotes":""},"categories":[193],"tags":[192,191],"class_list":["post-8678","post","type-post","status-publish","format-standard","has-post-thumbnail","hentry","category-hotspot-fr","tag-loisirs","tag-site-historique"],"jetpack_featured_media_url":"https:\/\/chateau-marcel.com\/wp-content\/uploads\/Pic-de-Nore-feat-im.jpg","_links":{"self":[{"href":"https:\/\/chateau-marcel.com\/fr\/wp-json\/wp\/v2\/posts\/8678","targetHints":{"allow":["GET"]}}],"collection":[{"href":"https:\/\/chateau-marcel.com\/fr\/wp-json\/wp\/v2\/posts"}],"about":[{"href":"https:\/\/chateau-marcel.com\/fr\/wp-json\/wp\/v2\/types\/post"}],"author":[{"embeddable":true,"href":"https:\/\/chateau-marcel.com\/fr\/wp-json\/wp\/v2\/users\/1"}],"replies":[{"embeddable":true,"href":"https:\/\/chateau-marcel.com\/fr\/wp-json\/wp\/v2\/comments?post=8678"}],"version-history":[{"count":5,"href":"https:\/\/chateau-marcel.com\/fr\/wp-json\/wp\/v2\/posts\/8678\/revisions"}],"predecessor-version":[{"id":11471,"href":"https:\/\/chateau-marcel.com\/fr\/wp-json\/wp\/v2\/posts\/8678\/revisions\/11471"}],"wp:featuredmedia":[{"embeddable":true,"href":"https:\/\/chateau-marcel.com\/fr\/wp-json\/wp\/v2\/media\/8684"}],"wp:attachment":[{"href":"https:\/\/chateau-marcel.com\/fr\/wp-json\/wp\/v2\/media?parent=8678"}],"wp:term":[{"taxonomy":"category","embeddable":true,"href":"https:\/\/chateau-marcel.com\/fr\/wp-json\/wp\/v2\/categories?post=8678"},{"taxonomy":"post_tag","embeddable":true,"href":"https:\/\/chateau-marcel.com\/fr\/wp-json\/wp\/v2\/tags?post=8678"}],"curies":[{"name":"wp","href":"https:\/\/api.w.org\/{rel}","templated":true}]}}